{"id":24550,"date":"2023-11-13T22:02:29","date_gmt":"2023-11-13T21:02:29","guid":{"rendered":"https:\/\/osfm-splet.splet.arnes.si\/?p=24550"},"modified":"2023-11-14T07:53:05","modified_gmt":"2023-11-14T06:53:05","slug":"mobilnost-na-madzarsko","status":"publish","type":"post","link":"https:\/\/www.fmalgaja.si\/?p=24550","title":{"rendered":"Mobilnost na Mad\u017earsko"},"content":{"rendered":"<p>[et_pb_section][et_pb_row][et_pb_column type=&#8221;4_4&#8243;][et_pb_text]Skupina Erasmus+ je po 7 urah vlaka prispela v Budimpe\u0161to. Po vo\u017enji s podzemno \u017eeleznico, lokalnim vlakom in prevozom star\u0161ev smo prispeli v K\u00f2ko. Po sr\u010dnem sprejemu gostiteljev smo \u0161li spoznavat svoje Mad\u017earske dru\u017eine. Jutri pa nas \u010daka \u017ee obisk \u0161ole.<br \/>\n                                                                                                    Barbara in Gizela<br \/>\n<img loading=\"lazy\" decoding=\"async\" src=\"https:\/\/www.fmalgaja.si\/files\/2023\/11\/20231113_102621-800x426.jpg\" alt=\"\" width=\"800\" height=\"426\" class=\"alignright size-large wp-image-24553\" \/><br \/>\nVe\u010d o dogajanju v tem tednu si oglejte na spodnji povezavi:<br \/>\n<a href=\"https:\/\/malgajerasmus.splet.arnes.si\/category\/23-24\/mobilnostizucenci23-24\/mobilnost-na-madzarsko\/\" rel=\"noopener\" target=\"_blank\">https:\/\/malgajerasmus.splet.arnes.si\/category\/23-24\/mobilnostizucenci23-24\/mobilnost-na-madzarsko\/ <\/a>[\/et_pb_text][\/et_pb_column][\/et_pb_row][\/et_pb_section]<\/p>\n","protected":false},"excerpt":{"rendered":"<p><div class=\"et_pb_section et_pb_section_0 et_section_regular\" >\n\t\t\t\t\n\t\t\t\t\n\t\t\t\t\n\t\t\t\t\n\t\t\t\t\n\t\t\t\t\n\t\t\t\t\n\t\t\t\t\n\t\t\t\t\n\t\t\t<\/div><div class=\"et_pb_row et_pb_row_0 et_pb_row_empty\">\n\t\t\t\t\n\t\t\t\t\n\t\t\t\t\n\t\t\t\t\n\t\t\t\t\n\t\t\t<\/div><div class=\"et_pb_module et_pb_text et_pb_text_0  et_pb_text_align_left et_pb_bg_layout_light\">\n\t\t\t\t\n\t\t\t\t\n\t\t\t\t\n\t\t\t\t\n\t\t\t\t\n\t\t\t<\/div>Skupina Erasmus+ je po 7 urah vlaka prispela v Budimpe\u0161to. Po vo\u017enji s podzemno \u017eeleznico, lokalnim vlakom in prevozom star\u0161ev smo prispeli v K\u00f2ko. Po sr\u010dnem sprejemu gostiteljev smo \u0161li spoznavat svoje Mad\u017earske dru\u017eine. Jutri pa nas \u010daka \u017ee obisk \u0161ole. Barbara in Gizela Ve\u010d o dogajanju v tem tednu si oglejte na spodnji povezavi: [&hellip;]<\/p>\n","protected":false},"author":41425,"featured_media":0,"comment_status":"closed","ping_status":"open","sticky":false,"template":"","format":"standard","meta":{"_et_pb_use_builder":"on","_et_pb_old_content":"Skupina Erasmus+ je po 7 urah vlaka prispela v Budimpe\u0161to. Po vo\u017enji s podzemno \u017eeleznico, lokalnim vlakom in prevozom star\u0161ev smo prispeli v K\u00f2ko. Po sr\u010dnem sprejemu gostiteljev smo \u0161li spoznavat svoje Mad\u017earske dru\u017eine. Jutri pa nas \u010daka \u017ee obisk \u0161ole. \r\n                                                                                                    Barbara in Gizela\r\n<img src=\"https:\/\/osfm-splet.splet.arnes.si\/files\/2023\/11\/20231113_102621-800x426.jpg\" alt=\"\" width=\"800\" height=\"426\" class=\"alignright size-large wp-image-24553\" \/>\r\nVe\u010d o dogajanju v tem tednu si oglejte na spodnji povezavi:\r\n<a href=\"https:\/\/malgajerasmus.splet.arnes.si\/category\/23-24\/mobilnostizucenci23-24\/mobilnost-na-madzarsko\/\" rel=\"noopener\" target=\"_blank\">https:\/\/malgajerasmus.splet.arnes.si\/category\/23-24\/mobilnostizucenci23-24\/mobilnost-na-madzarsko\/ <\/a>","_et_gb_content_width":"","ngg_post_thumbnail":0,"footnotes":"","_expiration-date-status":"","_expiration-date":0,"_expiration-date-type":"","_expiration-date-categories":[],"_expiration-date-options":[]},"categories":[9],"tags":[],"class_list":["post-24550","post","type-post","status-publish","format-standard","hentry","category-aktualno"],"_links":{"self":[{"href":"https:\/\/www.fmalgaja.si\/index.php?rest_route=\/wp\/v2\/posts\/24550","targetHints":{"allow":["GET"]}}],"collection":[{"href":"https:\/\/www.fmalgaja.si\/index.php?rest_route=\/wp\/v2\/posts"}],"about":[{"href":"https:\/\/www.fmalgaja.si\/index.php?rest_route=\/wp\/v2\/types\/post"}],"author":[{"embeddable":true,"href":"https:\/\/www.fmalgaja.si\/index.php?rest_route=\/wp\/v2\/users\/41425"}],"replies":[{"embeddable":true,"href":"https:\/\/www.fmalgaja.si\/index.php?rest_route=%2Fwp%2Fv2%2Fcomments&post=24550"}],"version-history":[{"count":4,"href":"https:\/\/www.fmalgaja.si\/index.php?rest_route=\/wp\/v2\/posts\/24550\/revisions"}],"predecessor-version":[{"id":24555,"href":"https:\/\/www.fmalgaja.si\/index.php?rest_route=\/wp\/v2\/posts\/24550\/revisions\/24555"}],"wp:attachment":[{"href":"https:\/\/www.fmalgaja.si\/index.php?rest_route=%2Fwp%2Fv2%2Fmedia&parent=24550"}],"wp:term":[{"taxonomy":"category","embeddable":true,"href":"https:\/\/www.fmalgaja.si\/index.php?rest_route=%2Fwp%2Fv2%2Fcategories&post=24550"},{"taxonomy":"post_tag","embeddable":true,"href":"https:\/\/www.fmalgaja.si\/index.php?rest_route=%2Fwp%2Fv2%2Ftags&post=24550"}],"curies":[{"name":"wp","href":"https:\/\/api.w.org\/{rel}","templated":true}]}}